{"id":155,"date":"2010-09-08T03:35:32","date_gmt":"2010-09-08T01:35:32","guid":{"rendered":"http:\/\/www.rafcano.es\/blog\/?p=155"},"modified":"2010-09-08T03:45:21","modified_gmt":"2010-09-08T01:45:21","slug":"%c2%bfpresentacion-telematica-aun-no","status":"publish","type":"post","link":"https:\/\/www.rafcano.es\/blog\/2010\/09\/%c2%bfpresentacion-telematica-aun-no\/","title":{"rendered":"\u00bfPresentaci\u00f3n telem\u00e1tica? A\u00fan no&#8230;"},"content":{"rendered":"<p>Al igual que el mes de mayo es el mes de las flores, para m\u00ed el mes de septiembre es el mes de la vuelta al cole, el mes del fin del verano, y el mes de la <strong>cuesta de septiembre<\/strong> (y como dice mi madre: si tienes hijos, mucho m\u00e1s dura que la famosa cuesta de enero).<\/p>\n<p>Una tarea que se hace en septiembre, si eres universitario, es la matr\u00edcula de este nuevo curso. La Universidad de Valladolid, en este caso y si no es tu primer a\u00f1o, dispone de un<strong> sistema de automatr\u00edcula por Internet<\/strong>. \u00a1Bien! No tengo que desplazarme, y no tengo que rellenar a mano y con buena letra unos cuantos papeles. Al ser mi s\u00e9ptimo a\u00f1o y con una sola asignatura al frente, no me preocupo por el n\u00famero de plazas, por lo que puedo matricularme cuando el sistema no est\u00e9 colapsado. Y es que, la experiencia de otros a\u00f1os cuenta: el segundo a\u00f1o de carrera no tuve plazas en la asignatura de libre elecci\u00f3n que quise por no matricularme nada m\u00e1s abrir el sistema; el tercer a\u00f1o de carrera tuve que estar una hora matricul\u00e1ndome porque el sistema te expulsaba si no hab\u00eda actividad en X minutos, aunque lo que m\u00e1s tiempo me llev\u00f3 fue conseguir un puesto, ya que siempre me sal\u00eda el mensaje de \u00abn\u00famero m\u00e1ximo de usuarios permitidos\u00bb.<\/p>\n<p>Al realizar la matr\u00edcula, se\u00f1al\u00e9 la opci\u00f3n de <strong>solicitar la beca del Ministerio de Educaci\u00f3n, Pol\u00edtica Social y Deporte (MEPSyD)<\/strong>, o como se la conoce de siempre, <strong><em>la beca del MEC<\/em><\/strong>. Esto me record\u00f3 que ten\u00eda que solicitar la beca, ya que siempre viene bien una ayuda econ\u00f3mica, porque por lo menos en mi casa los sueldos cada d\u00eda dan para menos, y m\u00e1s este a\u00f1o donde a mi padre le han rebajado el 5% del sueldo por ser trabajador de la Administraci\u00f3n P\u00fablica (y no, no es funcionario).<\/p>\n<p>Vale, s\u00e9 d\u00f3nde hay que pedirla, es la misma p\u00e1gina web de todos los a\u00f1os. Recuerdo que hace poco enviaron un correo electr\u00f3nico indicando que este a\u00f1o el sistema se modernizaba a\u00fan m\u00e1s. Entro y&#8230; \u00a1bien!, tengo la <strong>opci\u00f3n de poder presentarla telem\u00e1ticamente<\/strong>, sin moverme de casa. Gracias que en su d\u00eda ped\u00ed el certificado digital para poder realizarlo. Procedo a rellenar toda la informaci\u00f3n, y al final, me piden que adjunte los documentos requeridos subi\u00e9ndoles a la plataforma. Pero&#8230; perdona, \u00bfpor qu\u00e9 me solicitan un <strong>documento que tiene que rellenar mi centro de estudios<\/strong>? \u00bfEsos datos no est\u00e1n ya telem\u00e1ticamente? En la solicitud ten\u00edan todos mis datos, y entiendo que tenga que presentar y firmar (mi duda siempre est\u00e1 en \u00bfvaldr\u00e1n las firmas digitales en estos casos? La Ley dice que s\u00ed, pero&#8230;) ciertos papeles donde d\u00e9 permiso para tratar mis datos. Pero, \u00bfc\u00f3mo es que no pueden tener o acceder a mis datos acad\u00e9micos si est\u00e1n registrados en una administraci\u00f3n p\u00fablica como es la Universidad de Valladolid?<\/p>\n<p>Bueno, pues decido escribir un correo electr\u00f3nico (todo digital, para no gastar papel ni desplazarme) a la Secretar\u00eda Administrativa de la E.T.S. de Ingenier\u00eda Inform\u00e1tica, solicitando si es posible que me env\u00eden este documento rellenado, ya sea en soporte f\u00edsico o en soporte digital. Pero su respuesta me sorprende. Bastante. <strong>Me contestan que no, que ellos no me van a dar ning\u00fan papel bajo ning\u00fan concepto.<\/strong> Les insisto en que voy a presentar la beca de forma telem\u00e1tica, y me dicen que eso no es posible hoy en d\u00eda. \u00bfC\u00f3mo? Si lo pone en la p\u00e1gina web del MEPSyD. Y menos mal que estamos en una E.T.S. de Ingenier\u00eda Inform\u00e1tica&#8230; aunque no me extra\u00f1a nada viendo los \u00ab<em>avances<\/em>\u00bb que tenemos en nuestra escuela y los <strong>AVANCES<\/strong> que hay en otras (pago de fotocopias y cafeter\u00eda con la tarjeta monedero de la UVa, identificaci\u00f3n en los ordenadores con la tarjeta de la UVa, etc.).<\/p>\n<p>En resumen, que me toca ir a la p\u00e1gina web del MEPSyD, <strong>cancelar todo el proceso que ten\u00eda abierto para la presentaci\u00f3n telem\u00e1tica<\/strong> (s\u00f3lo estaba a falta de ese documento que me pod\u00edan haber enviado por correo electr\u00f3nico), imprimir los papeles de la beca, desplazarme para que toda mi familia firme esos papeles para dar su consentimiento, desplazarme de nuevo a la Secretar\u00eda Administrativa para presentarlos, y que luego ellos se encarguen del resto. Con lo f\u00e1cil que hubiera sido que me diesen ese documento&#8230; pero bueno, parece ser que <strong>a\u00fan promocionamos desde ciertas administraciones p\u00fablicas el gasto de papel y el gasto de tiempo<\/strong>. \u00bfSer\u00e1 la venganza por la bajada del 5% del sueldo? \u00bfSer\u00e1 por la vagueza de no tener que pedir informaci\u00f3n de una administraci\u00f3n a otra? Y es que queremos ser 2.0, pero si a\u00fan siguen existiendo procesos 1.0, el <em>downgrade<\/em> a 1.0 hay que realizarlo a todo el proceso. Y eso, como inform\u00e1tico, me pone muy triste, y lloro :'(<\/p>\n","protected":false},"excerpt":{"rendered":"<p>Al igual que el mes de mayo es el mes de las flores, para m\u00ed el mes de septiembre es el mes de la vuelta al cole, el mes del fin del verano, y el mes de la cuesta de septiembre (y como dice mi madre: si tienes hijos, mucho m\u00e1s dura que la famosa &hellip; <a href=\"https:\/\/www.rafcano.es\/blog\/2010\/09\/%c2%bfpresentacion-telematica-aun-no\/\" class=\"more-link\">Sigue leyendo <span class=\"screen-reader-text\">\u00bfPresentaci\u00f3n telem\u00e1tica? A\u00fan no&#8230;<\/span><\/a><\/p>\n","protected":false},"author":1,"featured_media":0,"comment_status":"open","ping_status":"open","sticky":false,"template":"","format":"standard","meta":{"jetpack_post_was_ever_published":false,"_jetpack_newsletter_access":"","_jetpack_dont_email_post_to_subs":false,"_jetpack_newsletter_tier_id":0,"_jetpack_memberships_contains_paywalled_content":false,"_jetpack_memberships_contains_paid_content":false,"footnotes":"","jetpack_publicize_message":"","jetpack_publicize_feature_enabled":true,"jetpack_social_post_already_shared":false,"jetpack_social_options":{"image_generator_settings":{"template":"highway","default_image_id":0,"font":"","enabled":false},"version":2}},"categories":[212,8],"tags":[254,192,233,213,315,253,252,257,255,256],"class_list":["post-155","post","type-post","status-publish","format-standard","hentry","category-estudios","category-informatica","tag-beca-del-mec","tag-becario","tag-e-t-s-i-informatica","tag-its-informatica","tag-internet","tag-mepsyd","tag-presentacion-telematica","tag-secretaria-administrativa","tag-universidad-de-valladolid","tag-uva"],"jetpack_publicize_connections":[],"jetpack_featured_media_url":"","jetpack_sharing_enabled":true,"jetpack_shortlink":"https:\/\/wp.me\/poH0Z-2v","jetpack-related-posts":[],"_links":{"self":[{"href":"https:\/\/www.rafcano.es\/blog\/wp-json\/wp\/v2\/posts\/155","targetHints":{"allow":["GET"]}}],"collection":[{"href":"https:\/\/www.rafcano.es\/blog\/wp-json\/wp\/v2\/posts"}],"about":[{"href":"https:\/\/www.rafcano.es\/blog\/wp-json\/wp\/v2\/types\/post"}],"author":[{"embeddable":true,"href":"https:\/\/www.rafcano.es\/blog\/wp-json\/wp\/v2\/users\/1"}],"replies":[{"embeddable":true,"href":"https:\/\/www.rafcano.es\/blog\/wp-json\/wp\/v2\/comments?post=155"}],"version-history":[{"count":0,"href":"https:\/\/www.rafcano.es\/blog\/wp-json\/wp\/v2\/posts\/155\/revisions"}],"wp:attachment":[{"href":"https:\/\/www.rafcano.es\/blog\/wp-json\/wp\/v2\/media?parent=155"}],"wp:term":[{"taxonomy":"category","embeddable":true,"href":"https:\/\/www.rafcano.es\/blog\/wp-json\/wp\/v2\/categories?post=155"},{"taxonomy":"post_tag","embeddable":true,"href":"https:\/\/www.rafcano.es\/blog\/wp-json\/wp\/v2\/tags?post=155"}],"curies":[{"name":"wp","href":"https:\/\/api.w.org\/{rel}","templated":true}]}}