{"id":71,"date":"2008-07-30T04:03:15","date_gmt":"2008-07-30T02:03:15","guid":{"rendered":"http:\/\/www.rafcano.es\/blog\/?p=71"},"modified":"2008-07-30T04:03:15","modified_gmt":"2008-07-30T02:03:15","slug":"fail-en-la-fuente-del-orbe-de-villalba-de-duero","status":"publish","type":"post","link":"https:\/\/www.rafcano.es\/blog\/2008\/07\/fail-en-la-fuente-del-orbe-de-villalba-de-duero\/","title":{"rendered":"\u00abFAIL\u00bb en la Fuente del Orbe de Villalba de Duero"},"content":{"rendered":"<p>Como algunos sabr\u00e9is, los veranos suelo ir a \u00abla huerta\u00bb, que es una finca, terreno o como lo quer\u00e1is llamar en los campos de regad\u00edo de Villalba de Duero, un pueblo a 5 km de donde yo vivo, en la que tenemos nuestro peque\u00f1o rinc\u00f3n para desfogarnos y refugiarnos de las altas temperaturas (umm, casetilla fresca, piscina, c\u00e9sped, \u00e1rboles con sombra&#8230;).<\/p>\n<p>El caso es que como las tardes son largas y los mosquitos no vienen hasta las 21:30, algunas veces nos vamos de paseo la familia por los caminos de sus campos de cebada, trigo, remolacha (este a\u00f1o poca) y girasoles; y uno de nuestros destinos es la Fuente del Orbe, que est\u00e1 tirando por el camino a la izquierda, luego a la derecha hasta una tierra con manzanos, luego coges el de la izquierda, pasas un mont\u00f3n de esti\u00e9rcol y m\u00e1s all\u00e1 la ves a la izquierda.<\/p>\n<p>Esta fuente hasta hace unos meses era un agujero en el suelo con algunas rocas y entre juncos, en el que te agachabas a beber agua porque dec\u00edan que \u00abera buena\u00bb. Lo hice muchas veces en mis paseos en bici y no me ha pasado nunca nada, por lo que mala no ser\u00e1. Ahora la han \u00abrehabilitado\u00bb (palabra muy usada actualmente para decir que algo natural ahora es artificialmente natural) y parece una cueva donde est\u00e1n las rocas con el agua en el que te agachabas&#8230; de la que sale el agua por unos tubos hasta un foso, el cual contin\u00faa por los canales.<\/p>\n<p>Curiosamente, al ir hoy hasta all\u00ed, hemos visto una peque\u00f1a fuga en el dise\u00f1o de la rehabilitaci\u00f3n: en el suelo de piedra se ha abierto un roto y \u00a1sale un chorro de agua! Me ha parecido curioso ver que tienen todo el agua encaudalada y la naturaleza hace su funci\u00f3n sacando <em>chorros<\/em> donde deber\u00edan estar, \u00a1s\u00ed se\u00f1or! Tambi\u00e9n hay datos curiosos como que tienen un sitio especial para una botella de vino vac\u00eda, para que cualquiera que vaya all\u00ed pueda echarse un traguito de agua rellenada c\u00f3modamente.<\/p>\n<p>He aqu\u00ed el v\u00eddeo en Youtube de demostraci\u00f3n, para que ve\u00e1is el chorrete resurgir entre las rocas (las voces en off son fantasmas que hab\u00eda por la zona):<\/p>\n<p style=\"text-align: center;\"><object classid=\"clsid:d27cdb6e-ae6d-11cf-96b8-444553540000\" width=\"425\" height=\"350\" codebase=\"http:\/\/download.macromedia.com\/pub\/shockwave\/cabs\/flash\/swflash.cab#version=6,0,40,0\"><param name=\"src\" value=\"http:\/\/www.youtube.com\/v\/cajgNFYDR60\" \/><\/object>\n<\/p>\n<p style=\"text-align: center;\">\n<p>Una foto del paisaje de la fuente, para que pod\u00e1is ver lo chula que la han dejado:<\/p>\n<p><a href=\"https:\/\/i0.wp.com\/www.rafcano.es\/blog\/wp-content\/uploads\/2008\/07\/29072008005.jpg\"><img data-recalc-dims=\"1\" loading=\"lazy\" decoding=\"async\" data-attachment-id=\"73\" data-permalink=\"https:\/\/www.rafcano.es\/blog\/2008\/07\/fail-en-la-fuente-del-orbe-de-villalba-de-duero\/attachment\/29072008005\/\" data-orig-file=\"https:\/\/i0.wp.com\/www.rafcano.es\/blog\/wp-content\/uploads\/2008\/07\/29072008005.jpg?fit=1200%2C1600&amp;ssl=1\" data-orig-size=\"1200,1600\" data-comments-opened=\"1\" data-image-meta=\"{&quot;aperture&quot;:&quot;3.2&quot;,&quot;credit&quot;:&quot;&quot;,&quot;camera&quot;:&quot;6120c&quot;,&quot;caption&quot;:&quot;&quot;,&quot;created_timestamp&quot;:&quot;1217357565&quot;,&quot;copyright&quot;:&quot;&quot;,&quot;focal_length&quot;:&quot;4.9&quot;,&quot;iso&quot;:&quot;0&quot;,&quot;shutter_speed&quot;:&quot;0&quot;,&quot;title&quot;:&quot;&quot;}\" data-image-title=\"Vista delantera de la Fuente del Orbe, en Villalba de Duero\" data-image-description=\"&lt;p&gt;Vista delantera de la Fuente del Orbe, en Villalba de Duero&lt;\/p&gt;\n\" data-image-caption=\"&lt;p&gt;Vista delantera de la Fuente del Orbe, en Villalba de Duero&lt;\/p&gt;\n\" data-large-file=\"https:\/\/i0.wp.com\/www.rafcano.es\/blog\/wp-content\/uploads\/2008\/07\/29072008005.jpg?fit=660%2C880&amp;ssl=1\" class=\"size-medium wp-image-73 aligncenter\" title=\"Vista delantera de la Fuente del Orbe, en Villalba de Duero\" src=\"https:\/\/i0.wp.com\/www.rafcano.es\/blog\/wp-content\/uploads\/2008\/07\/29072008005.jpg?resize=225%2C300\" alt=\"Vista delantera de la Fuente del Orbe, en Villalba de Duero\" width=\"225\" height=\"300\" srcset=\"https:\/\/i0.wp.com\/www.rafcano.es\/blog\/wp-content\/uploads\/2008\/07\/29072008005.jpg?resize=225%2C300&amp;ssl=1 225w, https:\/\/i0.wp.com\/www.rafcano.es\/blog\/wp-content\/uploads\/2008\/07\/29072008005.jpg?w=1200&amp;ssl=1 1200w\" sizes=\"auto, (max-width: 225px) 100vw, 225px\" \/><\/a> <a href=\"https:\/\/i0.wp.com\/www.rafcano.es\/blog\/wp-content\/uploads\/2008\/07\/29072008006.jpg\"><img data-recalc-dims=\"1\" loading=\"lazy\" decoding=\"async\" data-attachment-id=\"74\" data-permalink=\"https:\/\/www.rafcano.es\/blog\/2008\/07\/fail-en-la-fuente-del-orbe-de-villalba-de-duero\/attachment\/29072008006\/\" data-orig-file=\"https:\/\/i0.wp.com\/www.rafcano.es\/blog\/wp-content\/uploads\/2008\/07\/29072008006.jpg?fit=1600%2C1200&amp;ssl=1\" data-orig-size=\"1600,1200\" data-comments-opened=\"1\" data-image-meta=\"{&quot;aperture&quot;:&quot;3.2&quot;,&quot;credit&quot;:&quot;&quot;,&quot;camera&quot;:&quot;6120c&quot;,&quot;caption&quot;:&quot;&quot;,&quot;created_timestamp&quot;:&quot;1217357585&quot;,&quot;copyright&quot;:&quot;&quot;,&quot;focal_length&quot;:&quot;4.9&quot;,&quot;iso&quot;:&quot;0&quot;,&quot;shutter_speed&quot;:&quot;0&quot;,&quot;title&quot;:&quot;&quot;}\" data-image-title=\"Vista trasera de la Fuente del Orbe, en Villalba de Duero\" data-image-description=\"&lt;p&gt;Vista trasera de la Fuente del Orbe, en Villalba de Duero&lt;\/p&gt;\n\" data-image-caption=\"&lt;p&gt;Vista trasera de la Fuente del Orbe, en Villalba de Duero&lt;\/p&gt;\n\" data-large-file=\"https:\/\/i0.wp.com\/www.rafcano.es\/blog\/wp-content\/uploads\/2008\/07\/29072008006.jpg?fit=660%2C495&amp;ssl=1\" class=\"size-medium wp-image-74\" title=\"Vista trasera de la Fuente del Orbe, en Villalba de Duero\" src=\"https:\/\/i0.wp.com\/www.rafcano.es\/blog\/wp-content\/uploads\/2008\/07\/29072008006.jpg?resize=300%2C225\" alt=\"Vista trasera de la Fuente del Orbe, en Villalba de Duero\" width=\"300\" height=\"225\" srcset=\"https:\/\/i0.wp.com\/www.rafcano.es\/blog\/wp-content\/uploads\/2008\/07\/29072008006.jpg?resize=300%2C225&amp;ssl=1 300w, https:\/\/i0.wp.com\/www.rafcano.es\/blog\/wp-content\/uploads\/2008\/07\/29072008006.jpg?w=1600&amp;ssl=1 1600w, https:\/\/i0.wp.com\/www.rafcano.es\/blog\/wp-content\/uploads\/\/homepages\/8\/d220137104\/htdocs\/blog\/wp-content\/uploads\/2008\/07\/29072008006.jpg?w=1320 1320w\" sizes=\"auto, (max-width: 300px) 100vw, 300px\" \/><\/a><\/p>\n","protected":false},"excerpt":{"rendered":"<p>Como algunos sabr\u00e9is, los veranos suelo ir a \u00abla huerta\u00bb, que es una finca, terreno o como lo quer\u00e1is llamar en los campos de regad\u00edo de Villalba de Duero, un pueblo a 5 km de donde yo vivo, en la que tenemos nuestro peque\u00f1o rinc\u00f3n para desfogarnos y refugiarnos de las altas temperaturas (umm, casetilla &hellip; <a href=\"https:\/\/www.rafcano.es\/blog\/2008\/07\/fail-en-la-fuente-del-orbe-de-villalba-de-duero\/\" class=\"more-link\">Sigue leyendo <span class=\"screen-reader-text\">\u00abFAIL\u00bb en la Fuente del Orbe de Villalba de Duero<\/span><\/a><\/p>\n","protected":false},"author":1,"featured_media":0,"comment_status":"open","ping_status":"open","sticky":false,"template":"","format":"standard","meta":{"jetpack_post_was_ever_published":false,"_jetpack_newsletter_access":"","_jetpack_dont_email_post_to_subs":false,"_jetpack_newsletter_tier_id":0,"_jetpack_memberships_contains_paywalled_content":false,"_jetpack_memberships_contains_paid_content":false,"footnotes":"","jetpack_publicize_message":"","jetpack_publicize_feature_enabled":true,"jetpack_social_post_already_shared":false,"jetpack_social_options":{"image_generator_settings":{"template":"highway","default_image_id":0,"font":"","enabled":false},"version":2}},"categories":[5,114,110,12],"tags":[314,111,113,115,112,313],"class_list":["post-71","post","type-post","status-publish","format-standard","hentry","category-curiosidades","category-fail","category-villalba-de-duero","category-youtube","tag-fail","tag-fuente","tag-fuga","tag-huerta","tag-orbe","tag-villalba-de-duero"],"jetpack_publicize_connections":[],"jetpack_featured_media_url":"","jetpack_sharing_enabled":true,"jetpack_shortlink":"https:\/\/wp.me\/poH0Z-19","jetpack-related-posts":[],"_links":{"self":[{"href":"https:\/\/www.rafcano.es\/blog\/wp-json\/wp\/v2\/posts\/71","targetHints":{"allow":["GET"]}}],"collection":[{"href":"https:\/\/www.rafcano.es\/blog\/wp-json\/wp\/v2\/posts"}],"about":[{"href":"https:\/\/www.rafcano.es\/blog\/wp-json\/wp\/v2\/types\/post"}],"author":[{"embeddable":true,"href":"https:\/\/www.rafcano.es\/blog\/wp-json\/wp\/v2\/users\/1"}],"replies":[{"embeddable":true,"href":"https:\/\/www.rafcano.es\/blog\/wp-json\/wp\/v2\/comments?post=71"}],"version-history":[{"count":0,"href":"https:\/\/www.rafcano.es\/blog\/wp-json\/wp\/v2\/posts\/71\/revisions"}],"wp:attachment":[{"href":"https:\/\/www.rafcano.es\/blog\/wp-json\/wp\/v2\/media?parent=71"}],"wp:term":[{"taxonomy":"category","embeddable":true,"href":"https:\/\/www.rafcano.es\/blog\/wp-json\/wp\/v2\/categories?post=71"},{"taxonomy":"post_tag","embeddable":true,"href":"https:\/\/www.rafcano.es\/blog\/wp-json\/wp\/v2\/tags?post=71"}],"curies":[{"name":"wp","href":"https:\/\/api.w.org\/{rel}","templated":true}]}}